{"id":160489,"date":"2025-09-24T13:08:03","date_gmt":"2025-09-24T11:08:03","guid":{"rendered":"http:\/\/biocon-enzymes.com\/produccio-alimentaria-sostenible\/"},"modified":"2025-11-25T11:24:17","modified_gmt":"2025-11-25T10:24:17","slug":"produccio-alimentaria-sostenible","status":"publish","type":"post","link":"https:\/\/biocon-enzymes.com\/ca\/produccio-alimentaria-sostenible\/","title":{"rendered":"Producci\u00f3 aliment\u00e0ria sostenible amb enzims: per qu\u00e8 no \u00e9s opcional"},"content":{"rendered":"<p><span style=\"font-weight: 400;\">El sistema alimentari global est\u00e0 sotm\u00e8s a una pressi\u00f3 enorme. Parlem del creixement de la poblaci\u00f3, l\u2019escassetat creixent de recursos i l\u2019impacte cada vegada m\u00e9s sever del canvi clim\u00e0tic. Tot aix\u00f2 obliga tots els sectors, s\u00ed, tots, a replantejar completament com obtenim els aliments, com els processem i com els distribu\u00efm. <\/span><\/p>\n<p><span style=\"font-weight: 400;\">\u00c9s simple, avan\u00e7ar cap a una producci\u00f3 aliment\u00e0ria sostenible no \u00e9s una decisi\u00f3 empresarial passatgera, \u00e9s una necessitat imprescindible. Aquest mateix missatge apareix arreu, des de l\u2019estrat\u00e8gia \u201cDe la Granja a la Taula\u201d de la Comissi\u00f3 Europea fins als Objectius de Desenvolupament Sostenible de les Nacions Unides. <\/span><\/p>\n<h2><b>La sostenibilitat ha de ser el centre d\u2019aquesta revoluci\u00f3 aliment\u00e0ria<\/b><\/h2>\n<p><span style=\"font-weight: 400;\">A Biocon estem plenament conven\u00e7uts que els enzims s\u00f3n probablement l\u2019eina m\u00e9s potent i transformadora que tenim per accelerar aquesta transici\u00f3. Pensa-hi, la biotecnologia enzim\u00e0tica permet processos m\u00e9s nets, m\u00e9s eficients i, sobretot, m\u00e9s respectuosos amb el medi ambient. \u00c9s el que ajuda els productors d\u2019aliments a assolir objectius exigents de sostenibilitat sense sacrificar ni la qualitat ni el rendiment. <\/span><\/p>\n<p><span style=\"font-weight: 400;\">Aquest canvi no consisteix nom\u00e9s a fer els aliments d\u2019una altra manera. Est\u00e0 redefinint qu\u00e8 significa realment \u201csostenible\u201d. Ara el focus se centra en aspectes tangibles com el cicle de vida, la petjada de CO\u2082 i la circularitat real dels processos. <\/span><\/p>\n<p><span style=\"font-weight: 400;\">Si vols saber com aquest canvi es relaciona amb l\u2019evoluci\u00f3 de les tend\u00e8ncies de consum, hem analitzat detalladament com els enzims i la fermentaci\u00f3 estan redefinint el que els consumidors esperen de la nova generaci\u00f3 de productes sostenibles.<\/span><\/p>\n<h2><b>Definint la producci\u00f3 aliment\u00e0ria sostenible, es tracta de responsabilitat<\/b><\/h2>\n<p><span style=\"font-weight: 400;\">Llavors, qu\u00e8 \u00e9s exactament la producci\u00f3 aliment\u00e0ria sostenible? \u00c9s dissenyar un sistema capa\u00e7 de satisfer les necessitats d\u2019avui sense posar en perill les de les generacions futures. I aix\u00f2 implica molt: innovaci\u00f3 intel\u00b7ligent a cada etapa, des del camp fins a la f\u00e0brica i l\u2019envasat. <\/span><\/p>\n<p><span style=\"font-weight: 400;\">El WWF ho explica perfectament: \u00e9s un model que protegeix el planeta, garanteix condicions laborals justes i minimitza residus. Per al sector alimentari, aix\u00f2 es tradueix en: <\/span><\/p>\n<ul>\n<li style=\"font-weight: 400;\" aria-level=\"1\"><span style=\"font-weight: 400;\">Reduir dr\u00e0sticament el consum d\u2019energia i d\u2019aigua.<\/span><span style=\"font-weight: 400;\"><br \/>\n<\/span><\/li>\n<li style=\"font-weight: 400;\" aria-level=\"1\"><span style=\"font-weight: 400;\">Disminuir significativament les emissions de gasos d\u2019efecte hivernacle.<\/span><span style=\"font-weight: 400;\"><br \/>\n<\/span><\/li>\n<li style=\"font-weight: 400;\" aria-level=\"1\"><span style=\"font-weight: 400;\">Basar-se en recursos biol\u00f2gics renovables.<\/span><span style=\"font-weight: 400;\"><br \/>\n<\/span><\/li>\n<li style=\"font-weight: 400;\" aria-level=\"1\"><span style=\"font-weight: 400;\">Eliminar, d\u2019una vegada, els processos qu\u00edmics intensius.<\/span><span style=\"font-weight: 400;\"><br \/>\n<\/span><\/li>\n<\/ul>\n<p><span style=\"font-weight: 400;\">I aqu\u00ed \u00e9s on els enzims esdevenen essencials. Substitueixen reaccions qu\u00edmiques tradicionals per processos biocatal\u00edtics. Per qu\u00e8 \u00e9s tan important? Perqu\u00e8 funcionen en condicions suaus (baixa temperatura, pH neutre) i aix\u00f2 redueix enormement l\u2019impacte ambiental. <\/span><\/p>\n<p><span style=\"font-weight: 400;\">Veiem la biotecnologia enzim\u00e0tica com el pont imprescindible que connecta grans objectius de sostenibilitat amb resultats industrials reals i mesurables. \u00c9s el catalitzador natural d\u2019un sistema alimentari m\u00e9s net i m\u00e9s intel\u00b7ligent. <\/span><\/p>\n<h2><b>L\u2019avantatge dels enzims: com aconseguim la sostenibilitat<\/b><\/h2>\n<p><span style=\"font-weight: 400;\">Els enzims s\u00f3n, essencialment, petites m\u00e0quines biol\u00f2giques altament eficients. Aceleren les reaccions de manera selectiva. La seva precisi\u00f3 permet als fabricants optimitzar recursos, reduir residus i millorar el rendiment final, tres principis clau de la sostenibilitat. <\/span><\/p>\n<h4><b>1. Menys energia, menys aigua<\/b><\/h4>\n<p><span style=\"font-weight: 400;\">La producci\u00f3 tradicional d\u2019aliments i begudes sovint requereix temperatures altes i processos intensius. Els enzims permeten que les reaccions tinguin lloc en condicions m\u00e9s suaus, reduint la demanda energ\u00e8tica i minimitzant l\u2019\u00fas de recursos. <\/span><span style=\"font-weight: 400;\"><br \/>\n<\/span><span style=\"font-weight: 400;\"> En la producci\u00f3 de vi i sucs, per exemple, les pectinases milloren els rendiments d\u2019extracci\u00f3 i aporten claredat sense tractaments agressius.<\/span><\/p>\n<p><span style=\"font-weight: 400;\">A Biocon, formulem els nostres enzims perqu\u00e8 siguin estables i eficients, ajudant els clients a reduir la seva petjada ambiental i la seva emissi\u00f3 de CO\u2082.<\/span><\/p>\n<h4><b>2. Seguretat i netedat<\/b><\/h4>\n<p><span style=\"font-weight: 400;\">La f\u00f3rmula \u00e9s simple, substituir productes qu\u00edmics agressius per enzims significa menys residus t\u00f2xics i un entorn de treball m\u00e9s segur. I no \u00e9s nom\u00e9s benefici\u00f3s, \u00e9s clau per complir les \u00faltimes normatives europees que impulsen sistemes de producci\u00f3 realment nets. <\/span><\/p>\n<p><span style=\"font-weight: 400;\">Pensa en la clarificaci\u00f3 dels sucs, els processos basats en enzims substitueixen els agents qu\u00edmics tradicionals. La qualitat del producte augmenta i la salut del consumidor es protegeix millor. <\/span><\/p>\n<h4><b>3. Combatre el malbaratament i valoritzar recursos<\/b><\/h4>\n<p><span style=\"font-weight: 400;\">Els enzims s\u00f3n perfectes per convertir el que abans era brossa (els subproductes) en recursos valuosos. En els sectors de l\u2019mid\u00f3, l\u00e0ctic i c\u00e0rnic, utilitzem enzims per transformar corrents residuals en sucres fermentables, pinsos o altres biomaterials d\u2019alt valor. <\/span><\/p>\n<p><span style=\"font-weight: 400;\">Aix\u00f2 \u00e9s la veritable economia circular, minimitzar residus perqu\u00e8 tot tingui un nou \u00fas.<\/span><\/p>\n<h2><b>L\u2019economia circular aliment\u00e0ria: el terreny on els enzims brillen<\/b><\/h2>\n<p><span style=\"font-weight: 400;\">La idea fonamental de l\u2019economia circular \u00e9s eliminar residus i mantenir els materials en \u00fas durant el m\u00e0xim temps possible. Els enzims fan que aquesta idea sigui pr\u00e0ctica i efectiva. Permeten: <\/span><\/p>\n<ul>\n<li style=\"font-weight: 400;\" aria-level=\"1\"><span style=\"font-weight: 400;\">La bioconversi\u00f3 de residus agr\u00edcoles en nous ingredients.<\/span><span style=\"font-weight: 400;\"><br \/>\n<\/span><\/li>\n<li style=\"font-weight: 400;\" aria-level=\"1\"><span style=\"font-weight: 400;\">Millorar la fermentaci\u00f3, aconseguint rendiments m\u00e9s consistents.<\/span><span style=\"font-weight: 400;\"><br \/>\n<\/span><\/li>\n<li style=\"font-weight: 400;\" aria-level=\"1\"><span style=\"font-weight: 400;\">Impulsar materials de nova generaci\u00f3 (com biopl\u00e0stics i biopackaging) mitjan\u00e7ant s\u00edntesi enzim\u00e0tica.<\/span><span style=\"font-weight: 400;\"><br \/>\n<\/span><\/li>\n<\/ul>\n<p><span style=\"font-weight: 400;\">A Biocon dissenyem els nostres biocatalitzadors pensant directament en la circularitat. Ajudem els nostres clients a transformar subproductes en valor, reduir emissions i millorar la rendibilitat mitjan\u00e7ant innovaci\u00f3 sostenible intel\u00b7ligent. <\/span><\/p>\n<h2><b>El context global: alineaci\u00f3 imprescindible<\/b><\/h2>\n<p><span style=\"font-weight: 400;\">L\u2019\u00fas de tecnologia enzim\u00e0tica no nom\u00e9s \u00e9s bo per al negoci, sin\u00f3 que tamb\u00e9 contribueix a objectius globals essencials. Ajuda directament als Objectius de Desenvolupament Sostenible (ODS): <\/span><\/p>\n<ul>\n<li style=\"font-weight: 400;\" aria-level=\"1\"><b>ODS 2 (Fam Zero): <\/b>millora l\u2019efici\u00e8ncia aliment\u00e0ria i redueix el malbaratament.<span style=\"font-weight: 400;\"><br \/>\n<\/span><\/li>\n<li style=\"font-weight: 400;\" aria-level=\"1\"><b>ODS 12 (Consum Responsable): <\/b>fomenta tecnologies molt m\u00e9s netes.<span style=\"font-weight: 400;\"><br \/>\n<\/span><\/li>\n<li style=\"font-weight: 400;\" aria-level=\"1\"><b>ODS 13 (Acci\u00f3 Clim\u00e0tica):<\/b> minimitza les emissions de gasos d\u2019efecte hivernacle.<span style=\"font-weight: 400;\"><br \/>\n<\/span><\/li>\n<\/ul>\n<p><span style=\"font-weight: 400;\">L\u2019estrat\u00e8gia europea \u201cDe la Granja a la Taula\u201d refor\u00e7a el paper cr\u00edtic de la biotecnologia per crear sistemes alimentaris resilients. Els enzims encaixen perfectament. S\u00f3n eines biol\u00f2giques que fan que la sostenibilitat sigui escalable i rendible al mateix temps. A Biocon ens alineem amb aquests objectius, impulsant el sector alimentari amb innovacions s\u00f2lides i responsables. <\/span><\/p>\n<h2><b>El futur: biotecnologia i precisi\u00f3<\/b><\/h2>\n<p><span style=\"font-weight: 400;\">La pr\u00f2xima fase de la producci\u00f3 aliment\u00e0ria sostenible combinar\u00e0 biotecnologia, eines digitals i precisi\u00f3 basada en dades. Ja estem veient: <\/span><\/p>\n<ul>\n<li style=\"font-weight: 400;\" aria-level=\"1\"><span style=\"font-weight: 400;\">Fermentaci\u00f3 de precisi\u00f3 altament ajustada per a enzims personalitzats.<\/span><span style=\"font-weight: 400;\"><br \/>\n<\/span><\/li>\n<li style=\"font-weight: 400;\" aria-level=\"1\"><span style=\"font-weight: 400;\">IA dissenyant enzims m\u00e9s r\u00e0pid que qualsevol equip hum\u00e0, reduint els cicles d\u2019R+D.<\/span><span style=\"font-weight: 400;\"><br \/>\n<\/span><\/li>\n<li style=\"font-weight: 400;\" aria-level=\"1\"><span style=\"font-weight: 400;\">Bioprocessos integrats que combinen diverses etapes enzim\u00e0tiques en un sistema tancat i net.<\/span><span style=\"font-weight: 400;\"><br \/>\n<\/span><\/li>\n<\/ul>\n<p><span style=\"font-weight: 400;\">Aquests aven\u00e7os permeten a les empreses construir models realment regeneratius, on la sostenibilitat \u00e9s un pilar estructural i no un afegit simb\u00f2lic. A Biocon apostem pel futur, desenvolupant enzims resistents capa\u00e7os de treballar en entorns h\u00edbrids i desbloquejar noves efici\u00e8ncies en aliments i residus. <\/span><\/p>\n<p><span style=\"font-weight: 400;\">La sostenibilitat en alimentaci\u00f3 \u00e9s una feina del dia a dia. Els enzims ens ofereixen el cam\u00ed m\u00e9s efectiu per aconseguir-la. Permeten produir m\u00e9s amb menys, respectar el planeta i satisfer les expectatives creixents dels consumidors. <\/span><\/p>\n<p><span style=\"font-weight: 400;\">Integrant la biotecnologia enzim\u00e0tica al cor dels seus processos, les empreses poden reduir dr\u00e0sticament la seva petjada ambiental, millorar la rendibilitat i complir de manera real tots els objectius globals de sostenibilitat. Estem orgullosos de liderar aquesta transformaci\u00f3 amb solucions enzim\u00e0tiques que construeixen un futur alimentari global veritablement resilient. <\/span><\/p>\n","protected":false},"excerpt":{"rendered":"<p>Descobreix el potencial de la producci\u00f3 aliment\u00e0ria sostenible amb enzims i els seus beneficis per al medi ambient i la ind\u00fastria.<\/p>\n","protected":false},"author":1,"featured_media":160488,"comment_status":"open","ping_status":"open","sticky":false,"template":"","format":"standard","meta":{"_acf_changed":false,"footnotes":""},"categories":[1],"tags":[],"class_list":["post-160489","post","type-post","status-publish","format-standard","has-post-thumbnail","hentry","category-sin-categoria"],"acf":[],"yoast_head":"<!-- This site is optimized with the Yoast SEO plugin v26.5 - https:\/\/yoast.com\/wordpress\/plugins\/seo\/ -->\n<title>Producci\u00f3 Sostenible d&#039;Aliments amb Enzims - Biocon<\/title>\n<meta name=\"description\" content=\"Descobreix el potencial de la producci\u00f3 sostenible d&#039;aliments amb enzims i beneficis per al medi ambient i la ind\u00fastria.\" \/>\n<meta name=\"robots\" content=\"index, follow, max-snippet:-1, max-image-preview:large, max-video-preview:-1\" \/>\n<link rel=\"canonical\" href=\"https:\/\/biocon-enzymes.com\/ca\/produccio-alimentaria-sostenible\/\" \/>\n<meta property=\"og:locale\" content=\"ca_ES\" \/>\n<meta property=\"og:type\" content=\"article\" \/>\n<meta property=\"og:title\" content=\"Producci\u00f3 Sostenible d&#039;Aliments amb Enzims - Biocon\" \/>\n<meta property=\"og:description\" content=\"Descobreix el potencial de la producci\u00f3 sostenible d&#039;aliments amb enzims i beneficis per al medi ambient i la ind\u00fastria.\" \/>\n<meta property=\"og:url\" content=\"https:\/\/biocon-enzymes.com\/ca\/produccio-alimentaria-sostenible\/\" \/>\n<meta property=\"og:site_name\" content=\"Biocon Enzymes\" \/>\n<meta property=\"article:published_time\" content=\"2025-09-24T11:08:03+00:00\" \/>\n<meta property=\"article:modified_time\" content=\"2025-11-25T10:24:17+00:00\" \/>\n<meta property=\"og:image\" content=\"https:\/\/biocon-enzymes.com\/wp-content\/uploads\/2025\/06\/sustainable-food-production.webp\" \/>\n\t<meta property=\"og:image:width\" content=\"1920\" \/>\n\t<meta property=\"og:image:height\" content=\"1920\" \/>\n\t<meta property=\"og:image:type\" content=\"image\/webp\" \/>\n<meta name=\"author\" content=\"minsk\" \/>\n<meta name=\"twitter:card\" content=\"summary_large_image\" \/>\n<meta name=\"twitter:label1\" content=\"Escrit per\" \/>\n\t<meta name=\"twitter:data1\" content=\"minsk\" \/>\n\t<meta name=\"twitter:label2\" content=\"Temps estimat de lectura\" \/>\n\t<meta name=\"twitter:data2\" content=\"6 minuts\" \/>\n<script type=\"application\/ld+json\" class=\"yoast-schema-graph\">{\"@context\":\"https:\/\/schema.org\",\"@graph\":[{\"@type\":\"Article\",\"@id\":\"https:\/\/biocon-enzymes.com\/ca\/produccio-alimentaria-sostenible\/#article\",\"isPartOf\":{\"@id\":\"https:\/\/biocon-enzymes.com\/ca\/produccio-alimentaria-sostenible\/\"},\"author\":{\"name\":\"minsk\",\"@id\":\"https:\/\/biocon-enzymes.com\/ca\/#\/schema\/person\/6b698788957f22264f745c7a45911127\"},\"headline\":\"Producci\u00f3 aliment\u00e0ria sostenible amb enzims: per qu\u00e8 no \u00e9s opcional\",\"datePublished\":\"2025-09-24T11:08:03+00:00\",\"dateModified\":\"2025-11-25T10:24:17+00:00\",\"mainEntityOfPage\":{\"@id\":\"https:\/\/biocon-enzymes.com\/ca\/produccio-alimentaria-sostenible\/\"},\"wordCount\":1207,\"commentCount\":0,\"publisher\":{\"@id\":\"https:\/\/biocon-enzymes.com\/ca\/#organization\"},\"image\":{\"@id\":\"https:\/\/biocon-enzymes.com\/ca\/produccio-alimentaria-sostenible\/#primaryimage\"},\"thumbnailUrl\":\"https:\/\/biocon-enzymes.com\/wp-content\/uploads\/2025\/06\/sustainable-food-production.webp\",\"articleSection\":[\"Sin categor\u00eda\"],\"inLanguage\":\"ca\",\"potentialAction\":[{\"@type\":\"CommentAction\",\"name\":\"Comment\",\"target\":[\"https:\/\/biocon-enzymes.com\/ca\/produccio-alimentaria-sostenible\/#respond\"]}]},{\"@type\":\"WebPage\",\"@id\":\"https:\/\/biocon-enzymes.com\/ca\/produccio-alimentaria-sostenible\/\",\"url\":\"https:\/\/biocon-enzymes.com\/ca\/produccio-alimentaria-sostenible\/\",\"name\":\"Producci\u00f3 Sostenible d'Aliments amb Enzims - Biocon\",\"isPartOf\":{\"@id\":\"https:\/\/biocon-enzymes.com\/ca\/#website\"},\"primaryImageOfPage\":{\"@id\":\"https:\/\/biocon-enzymes.com\/ca\/produccio-alimentaria-sostenible\/#primaryimage\"},\"image\":{\"@id\":\"https:\/\/biocon-enzymes.com\/ca\/produccio-alimentaria-sostenible\/#primaryimage\"},\"thumbnailUrl\":\"https:\/\/biocon-enzymes.com\/wp-content\/uploads\/2025\/06\/sustainable-food-production.webp\",\"datePublished\":\"2025-09-24T11:08:03+00:00\",\"dateModified\":\"2025-11-25T10:24:17+00:00\",\"description\":\"Descobreix el potencial de la producci\u00f3 sostenible d'aliments amb enzims i beneficis per al medi ambient i la ind\u00fastria.\",\"breadcrumb\":{\"@id\":\"https:\/\/biocon-enzymes.com\/ca\/produccio-alimentaria-sostenible\/#breadcrumb\"},\"inLanguage\":\"ca\",\"potentialAction\":[{\"@type\":\"ReadAction\",\"target\":[\"https:\/\/biocon-enzymes.com\/ca\/produccio-alimentaria-sostenible\/\"]}]},{\"@type\":\"ImageObject\",\"inLanguage\":\"ca\",\"@id\":\"https:\/\/biocon-enzymes.com\/ca\/produccio-alimentaria-sostenible\/#primaryimage\",\"url\":\"https:\/\/biocon-enzymes.com\/wp-content\/uploads\/2025\/06\/sustainable-food-production.webp\",\"contentUrl\":\"https:\/\/biocon-enzymes.com\/wp-content\/uploads\/2025\/06\/sustainable-food-production.webp\",\"width\":1920,\"height\":1920,\"caption\":\"Producci\u00f3 aliment\u00e0ria sostenible amb enzims: per qu\u00e8 no \u00e9s opcional\"},{\"@type\":\"BreadcrumbList\",\"@id\":\"https:\/\/biocon-enzymes.com\/ca\/produccio-alimentaria-sostenible\/#breadcrumb\",\"itemListElement\":[{\"@type\":\"ListItem\",\"position\":1,\"name\":\"Portada\",\"item\":\"https:\/\/biocon-enzymes.com\/ca\/\"},{\"@type\":\"ListItem\",\"position\":2,\"name\":\"Producci\u00f3 aliment\u00e0ria sostenible amb enzims: per qu\u00e8 no \u00e9s opcional\"}]},{\"@type\":\"WebSite\",\"@id\":\"https:\/\/biocon-enzymes.com\/ca\/#website\",\"url\":\"https:\/\/biocon-enzymes.com\/ca\/\",\"name\":\"Biocon Enzymes\",\"description\":\"Fabricantes de enzimas personalizadas para la industria\",\"publisher\":{\"@id\":\"https:\/\/biocon-enzymes.com\/ca\/#organization\"},\"potentialAction\":[{\"@type\":\"SearchAction\",\"target\":{\"@type\":\"EntryPoint\",\"urlTemplate\":\"https:\/\/biocon-enzymes.com\/ca\/?s={search_term_string}\"},\"query-input\":{\"@type\":\"PropertyValueSpecification\",\"valueRequired\":true,\"valueName\":\"search_term_string\"}}],\"inLanguage\":\"ca\"},{\"@type\":\"Organization\",\"@id\":\"https:\/\/biocon-enzymes.com\/ca\/#organization\",\"name\":\"Biocon Enzymes\",\"url\":\"https:\/\/biocon-enzymes.com\/ca\/\",\"logo\":{\"@type\":\"ImageObject\",\"inLanguage\":\"ca\",\"@id\":\"https:\/\/biocon-enzymes.com\/ca\/#\/schema\/logo\/image\/\",\"url\":\"http:\/\/biocon-enzymes.com\/wp-content\/uploads\/2025\/08\/Logo-Biocon.jpg\",\"contentUrl\":\"http:\/\/biocon-enzymes.com\/wp-content\/uploads\/2025\/08\/Logo-Biocon.jpg\",\"width\":200,\"height\":200,\"caption\":\"Biocon Enzymes\"},\"image\":{\"@id\":\"https:\/\/biocon-enzymes.com\/ca\/#\/schema\/logo\/image\/\"},\"sameAs\":[\"https:\/\/www.linkedin.com\/company\/biocon-es\/\"]},{\"@type\":\"Person\",\"@id\":\"https:\/\/biocon-enzymes.com\/ca\/#\/schema\/person\/6b698788957f22264f745c7a45911127\",\"name\":\"minsk\",\"image\":{\"@type\":\"ImageObject\",\"inLanguage\":\"ca\",\"@id\":\"https:\/\/biocon-enzymes.com\/ca\/#\/schema\/person\/image\/\",\"url\":\"https:\/\/secure.gravatar.com\/avatar\/7dc993d55c4ec102c60ca929dd2b8e21aeca5606b4c466e4bfefd1c8955e9d58?s=96&d=mm&r=g\",\"contentUrl\":\"https:\/\/secure.gravatar.com\/avatar\/7dc993d55c4ec102c60ca929dd2b8e21aeca5606b4c466e4bfefd1c8955e9d58?s=96&d=mm&r=g\",\"caption\":\"minsk\"},\"sameAs\":[\"http:\/\/biocon-enzymes.com\"],\"url\":\"https:\/\/biocon-enzymes.com\/ca\/author\/minsk\/\"}]}<\/script>\n<!-- \/ Yoast SEO plugin. -->","yoast_head_json":{"title":"Producci\u00f3 Sostenible d'Aliments amb Enzims - Biocon","description":"Descobreix el potencial de la producci\u00f3 sostenible d'aliments amb enzims i beneficis per al medi ambient i la ind\u00fastria.","robots":{"index":"index","follow":"follow","max-snippet":"max-snippet:-1","max-image-preview":"max-image-preview:large","max-video-preview":"max-video-preview:-1"},"canonical":"https:\/\/biocon-enzymes.com\/ca\/produccio-alimentaria-sostenible\/","og_locale":"ca_ES","og_type":"article","og_title":"Producci\u00f3 Sostenible d'Aliments amb Enzims - Biocon","og_description":"Descobreix el potencial de la producci\u00f3 sostenible d'aliments amb enzims i beneficis per al medi ambient i la ind\u00fastria.","og_url":"https:\/\/biocon-enzymes.com\/ca\/produccio-alimentaria-sostenible\/","og_site_name":"Biocon Enzymes","article_published_time":"2025-09-24T11:08:03+00:00","article_modified_time":"2025-11-25T10:24:17+00:00","og_image":[{"width":1920,"height":1920,"url":"https:\/\/biocon-enzymes.com\/wp-content\/uploads\/2025\/06\/sustainable-food-production.webp","type":"image\/webp"}],"author":"minsk","twitter_card":"summary_large_image","twitter_misc":{"Escrit per":"minsk","Temps estimat de lectura":"6 minuts"},"schema":{"@context":"https:\/\/schema.org","@graph":[{"@type":"Article","@id":"https:\/\/biocon-enzymes.com\/ca\/produccio-alimentaria-sostenible\/#article","isPartOf":{"@id":"https:\/\/biocon-enzymes.com\/ca\/produccio-alimentaria-sostenible\/"},"author":{"name":"minsk","@id":"https:\/\/biocon-enzymes.com\/ca\/#\/schema\/person\/6b698788957f22264f745c7a45911127"},"headline":"Producci\u00f3 aliment\u00e0ria sostenible amb enzims: per qu\u00e8 no \u00e9s opcional","datePublished":"2025-09-24T11:08:03+00:00","dateModified":"2025-11-25T10:24:17+00:00","mainEntityOfPage":{"@id":"https:\/\/biocon-enzymes.com\/ca\/produccio-alimentaria-sostenible\/"},"wordCount":1207,"commentCount":0,"publisher":{"@id":"https:\/\/biocon-enzymes.com\/ca\/#organization"},"image":{"@id":"https:\/\/biocon-enzymes.com\/ca\/produccio-alimentaria-sostenible\/#primaryimage"},"thumbnailUrl":"https:\/\/biocon-enzymes.com\/wp-content\/uploads\/2025\/06\/sustainable-food-production.webp","articleSection":["Sin categor\u00eda"],"inLanguage":"ca","potentialAction":[{"@type":"CommentAction","name":"Comment","target":["https:\/\/biocon-enzymes.com\/ca\/produccio-alimentaria-sostenible\/#respond"]}]},{"@type":"WebPage","@id":"https:\/\/biocon-enzymes.com\/ca\/produccio-alimentaria-sostenible\/","url":"https:\/\/biocon-enzymes.com\/ca\/produccio-alimentaria-sostenible\/","name":"Producci\u00f3 Sostenible d'Aliments amb Enzims - Biocon","isPartOf":{"@id":"https:\/\/biocon-enzymes.com\/ca\/#website"},"primaryImageOfPage":{"@id":"https:\/\/biocon-enzymes.com\/ca\/produccio-alimentaria-sostenible\/#primaryimage"},"image":{"@id":"https:\/\/biocon-enzymes.com\/ca\/produccio-alimentaria-sostenible\/#primaryimage"},"thumbnailUrl":"https:\/\/biocon-enzymes.com\/wp-content\/uploads\/2025\/06\/sustainable-food-production.webp","datePublished":"2025-09-24T11:08:03+00:00","dateModified":"2025-11-25T10:24:17+00:00","description":"Descobreix el potencial de la producci\u00f3 sostenible d'aliments amb enzims i beneficis per al medi ambient i la ind\u00fastria.","breadcrumb":{"@id":"https:\/\/biocon-enzymes.com\/ca\/produccio-alimentaria-sostenible\/#breadcrumb"},"inLanguage":"ca","potentialAction":[{"@type":"ReadAction","target":["https:\/\/biocon-enzymes.com\/ca\/produccio-alimentaria-sostenible\/"]}]},{"@type":"ImageObject","inLanguage":"ca","@id":"https:\/\/biocon-enzymes.com\/ca\/produccio-alimentaria-sostenible\/#primaryimage","url":"https:\/\/biocon-enzymes.com\/wp-content\/uploads\/2025\/06\/sustainable-food-production.webp","contentUrl":"https:\/\/biocon-enzymes.com\/wp-content\/uploads\/2025\/06\/sustainable-food-production.webp","width":1920,"height":1920,"caption":"Producci\u00f3 aliment\u00e0ria sostenible amb enzims: per qu\u00e8 no \u00e9s opcional"},{"@type":"BreadcrumbList","@id":"https:\/\/biocon-enzymes.com\/ca\/produccio-alimentaria-sostenible\/#breadcrumb","itemListElement":[{"@type":"ListItem","position":1,"name":"Portada","item":"https:\/\/biocon-enzymes.com\/ca\/"},{"@type":"ListItem","position":2,"name":"Producci\u00f3 aliment\u00e0ria sostenible amb enzims: per qu\u00e8 no \u00e9s opcional"}]},{"@type":"WebSite","@id":"https:\/\/biocon-enzymes.com\/ca\/#website","url":"https:\/\/biocon-enzymes.com\/ca\/","name":"Biocon Enzymes","description":"Fabricantes de enzimas personalizadas para la industria","publisher":{"@id":"https:\/\/biocon-enzymes.com\/ca\/#organization"},"potentialAction":[{"@type":"SearchAction","target":{"@type":"EntryPoint","urlTemplate":"https:\/\/biocon-enzymes.com\/ca\/?s={search_term_string}"},"query-input":{"@type":"PropertyValueSpecification","valueRequired":true,"valueName":"search_term_string"}}],"inLanguage":"ca"},{"@type":"Organization","@id":"https:\/\/biocon-enzymes.com\/ca\/#organization","name":"Biocon Enzymes","url":"https:\/\/biocon-enzymes.com\/ca\/","logo":{"@type":"ImageObject","inLanguage":"ca","@id":"https:\/\/biocon-enzymes.com\/ca\/#\/schema\/logo\/image\/","url":"http:\/\/biocon-enzymes.com\/wp-content\/uploads\/2025\/08\/Logo-Biocon.jpg","contentUrl":"http:\/\/biocon-enzymes.com\/wp-content\/uploads\/2025\/08\/Logo-Biocon.jpg","width":200,"height":200,"caption":"Biocon Enzymes"},"image":{"@id":"https:\/\/biocon-enzymes.com\/ca\/#\/schema\/logo\/image\/"},"sameAs":["https:\/\/www.linkedin.com\/company\/biocon-es\/"]},{"@type":"Person","@id":"https:\/\/biocon-enzymes.com\/ca\/#\/schema\/person\/6b698788957f22264f745c7a45911127","name":"minsk","image":{"@type":"ImageObject","inLanguage":"ca","@id":"https:\/\/biocon-enzymes.com\/ca\/#\/schema\/person\/image\/","url":"https:\/\/secure.gravatar.com\/avatar\/7dc993d55c4ec102c60ca929dd2b8e21aeca5606b4c466e4bfefd1c8955e9d58?s=96&d=mm&r=g","contentUrl":"https:\/\/secure.gravatar.com\/avatar\/7dc993d55c4ec102c60ca929dd2b8e21aeca5606b4c466e4bfefd1c8955e9d58?s=96&d=mm&r=g","caption":"minsk"},"sameAs":["http:\/\/biocon-enzymes.com"],"url":"https:\/\/biocon-enzymes.com\/ca\/author\/minsk\/"}]}},"_links":{"self":[{"href":"https:\/\/biocon-enzymes.com\/ca\/wp-json\/wp\/v2\/posts\/160489","targetHints":{"allow":["GET"]}}],"collection":[{"href":"https:\/\/biocon-enzymes.com\/ca\/wp-json\/wp\/v2\/posts"}],"about":[{"href":"https:\/\/biocon-enzymes.com\/ca\/wp-json\/wp\/v2\/types\/post"}],"author":[{"embeddable":true,"href":"https:\/\/biocon-enzymes.com\/ca\/wp-json\/wp\/v2\/users\/1"}],"replies":[{"embeddable":true,"href":"https:\/\/biocon-enzymes.com\/ca\/wp-json\/wp\/v2\/comments?post=160489"}],"version-history":[{"count":1,"href":"https:\/\/biocon-enzymes.com\/ca\/wp-json\/wp\/v2\/posts\/160489\/revisions"}],"predecessor-version":[{"id":160498,"href":"https:\/\/biocon-enzymes.com\/ca\/wp-json\/wp\/v2\/posts\/160489\/revisions\/160498"}],"wp:featuredmedia":[{"embeddable":true,"href":"https:\/\/biocon-enzymes.com\/ca\/wp-json\/wp\/v2\/media\/160488"}],"wp:attachment":[{"href":"https:\/\/biocon-enzymes.com\/ca\/wp-json\/wp\/v2\/media?parent=160489"}],"wp:term":[{"taxonomy":"category","embeddable":true,"href":"https:\/\/biocon-enzymes.com\/ca\/wp-json\/wp\/v2\/categories?post=160489"},{"taxonomy":"post_tag","embeddable":true,"href":"https:\/\/biocon-enzymes.com\/ca\/wp-json\/wp\/v2\/tags?post=160489"}],"curies":[{"name":"wp","href":"https:\/\/api.w.org\/{rel}","templated":true}]}}